{"id":1280,"date":"2012-07-26T22:02:43","date_gmt":"2012-07-26T22:02:43","guid":{"rendered":"http:\/\/www.palentino.es\/blog\/?p=1280"},"modified":"2012-07-26T22:03:15","modified_gmt":"2012-07-26T22:03:15","slug":"el-artista-en-la-calle","status":"publish","type":"post","link":"https:\/\/www.palentino.es\/blog\/el-artista-en-la-calle\/","title":{"rendered":"El artista en la calle."},"content":{"rendered":"<p style=\"text-align: justify;\"><strong>Isabelle Geffroy<\/strong>, m\u00e1s conocida por su nombre art\u00edstico\u00a0<strong>Zaz<\/strong>, es una cantante\u00a0francesa\u00a0que fusiona el jazz, la m\u00fasica francesa, el soul y la m\u00fasica ac\u00fastica. Se hizo famosa con su canci\u00f3n &#8220;Je veux&#8221;, tema de su primer \u00e1lbum,\u00a0<em>Zaz<\/em>, que fue lanzado al mercado el 10 de mayo del 2010.<\/p>\n<p>Muestro un\u00a0v\u00eddeo\u00a0subtitulado de un tema que me ha llamado la atenci\u00f3n &#8230;<\/p>\n<p><!--more--><br \/>\n<iframe loading=\"lazy\" src=\"http:\/\/www.youtube.com\/embed\/eMo2p70b4KA\" frameborder=\"0\" width=\"560\" height=\"315\"><\/iframe><\/p>\n","protected":false},"excerpt":{"rendered":"<p>Isabelle Geffroy, m\u00e1s conocida por su nombre art\u00edstico\u00a0Zaz, es una cantante\u00a0francesa\u00a0que fusiona el jazz, la m\u00fasica francesa, el soul y la m\u00fasica ac\u00fastica. Se hizo famosa con su canci\u00f3n &#8220;Je veux&#8221;, tema de su primer \u00e1lbum,\u00a0Zaz, que fue lanzado al mercado el 10 de mayo del 2010. Muestro un\u00a0v\u00eddeo\u00a0subtitulado de un tema que me ha llamado la atenci\u00f3n &#8230;<\/p>\n","protected":false},"author":1,"featured_media":0,"comment_status":"open","ping_status":"open","sticky":false,"template":"","format":"video","meta":{"footnotes":""},"categories":[14],"tags":[],"class_list":["post-1280","post","type-post","status-publish","format-video","hentry","category-varios","post_format-post-format-video"],"_links":{"self":[{"href":"https:\/\/www.palentino.es\/blog\/wp-json\/wp\/v2\/posts\/1280","targetHints":{"allow":["GET"]}}],"collection":[{"href":"https:\/\/www.palentino.es\/blog\/wp-json\/wp\/v2\/posts"}],"about":[{"href":"https:\/\/www.palentino.es\/blog\/wp-json\/wp\/v2\/types\/post"}],"author":[{"embeddable":true,"href":"https:\/\/www.palentino.es\/blog\/wp-json\/wp\/v2\/users\/1"}],"replies":[{"embeddable":true,"href":"https:\/\/www.palentino.es\/blog\/wp-json\/wp\/v2\/comments?post=1280"}],"version-history":[{"count":3,"href":"https:\/\/www.palentino.es\/blog\/wp-json\/wp\/v2\/posts\/1280\/revisions"}],"predecessor-version":[{"id":1283,"href":"https:\/\/www.palentino.es\/blog\/wp-json\/wp\/v2\/posts\/1280\/revisions\/1283"}],"wp:attachment":[{"href":"https:\/\/www.palentino.es\/blog\/wp-json\/wp\/v2\/media?parent=1280"}],"wp:term":[{"taxonomy":"category","embeddable":true,"href":"https:\/\/www.palentino.es\/blog\/wp-json\/wp\/v2\/categories?post=1280"},{"taxonomy":"post_tag","embeddable":true,"href":"https:\/\/www.palentino.es\/blog\/wp-json\/wp\/v2\/tags?post=1280"}],"curies":[{"name":"wp","href":"https:\/\/api.w.org\/{rel}","templated":true}]}}