{"id":15046,"date":"2025-07-21T20:24:20","date_gmt":"2025-07-21T18:24:20","guid":{"rendered":"https:\/\/www.palentino.es\/blog\/?p=15046"},"modified":"2025-07-21T20:24:20","modified_gmt":"2025-07-21T18:24:20","slug":"marmol-que-llora-en-silencio","status":"publish","type":"post","link":"https:\/\/www.palentino.es\/blog\/marmol-que-llora-en-silencio\/","title":{"rendered":"M\u00e1rmol que llora en silencio"},"content":{"rendered":"<p data-start=\"237\" data-end=\"1176\">La <em data-start=\"240\" data-end=\"255\">Virgen Velada<\/em>, esculpida por Giovanni Strazza hacia 1850, esculpe lo imposible: un velo transl\u00facido\u2026 en m\u00e1rmol.<br data-start=\"353\" data-end=\"356\" \/>\u2800<br data-start=\"357\" data-end=\"360\" \/>\u00bfC\u00f3mo se talla la fragilidad en piedra? \u00bfC\u00f3mo se consigue que lo s\u00f3lido parezca et\u00e9reo?<br data-start=\"447\" data-end=\"450\" \/>\u2800<br data-start=\"451\" data-end=\"454\" \/>La dificultad t\u00e9cnica de esta obra es asombrosa: el artista logr\u00f3 simular la transparencia, la textura del pa\u00f1o, y la suavidad del rostro con una sola pieza de m\u00e1rmol blanco de Carrara. No hay ensamblajes. Solo talento, paciencia\u2026 y alma.<br data-start=\"692\" data-end=\"695\" \/>\u2800<br data-start=\"696\" data-end=\"699\" \/>Y sin embargo, m\u00e1s all\u00e1 de la proeza art\u00edstica, lo que conmueve es su silencio.<br data-start=\"778\" data-end=\"781\" \/>\u2800<br data-start=\"782\" data-end=\"785\" \/>El velo no es una barrera. Es una caricia.<br data-start=\"827\" data-end=\"830\" \/>\u2800<br data-start=\"831\" data-end=\"834\" \/>Esa imagen me recuerda algo esencial: muchas personas que admiramos por su fortaleza est\u00e1n envueltas en un velo invisible de luchas internas, p\u00e9rdidas y resiliencia.<br data-start=\"999\" data-end=\"1002\" \/>\u2800<br data-start=\"1003\" data-end=\"1006\" \/>Y a\u00fan as\u00ed\u2026 siguen. Inspiran.<br data-start=\"1034\" data-end=\"1037\" \/>\u2800<br data-start=\"1038\" data-end=\"1041\" \/>Que esta obra de arte nos recuerde que lo m\u00e1s humano no siempre se ve, pero s\u00ed se siente.<br data-start=\"1130\" data-end=\"1133\" \/>\u2800<br data-start=\"1134\" data-end=\"1137\" \/>Que la <em data-start=\"899\" data-end=\"914\">Virgen Velada<\/em> nos recuerde a todos que lo m\u00e1s humano\u2026 es lo m\u00e1s invisible.<\/p>\n<p data-start=\"237\" data-end=\"1176\"><a href=\"https:\/\/www.palentino.es\/blog\/wp-content\/uploads\/2025\/07\/Virgen-velada.jpg\"><img loading=\"lazy\" decoding=\"async\" class=\"aligncenter size-full wp-image-15047\" src=\"https:\/\/www.palentino.es\/blog\/wp-content\/uploads\/2025\/07\/Virgen-velada.jpg\" alt=\"\" width=\"837\" height=\"1250\" srcset=\"https:\/\/www.palentino.es\/blog\/wp-content\/uploads\/2025\/07\/Virgen-velada.jpg 837w, https:\/\/www.palentino.es\/blog\/wp-content\/uploads\/2025\/07\/Virgen-velada-201x300.jpg 201w, https:\/\/www.palentino.es\/blog\/wp-content\/uploads\/2025\/07\/Virgen-velada-686x1024.jpg 686w\" sizes=\"auto, (max-width: 837px) 100vw, 837px\" \/><\/a><\/p>\n","protected":false},"excerpt":{"rendered":"<p>La Virgen Velada, esculpida por Giovanni Strazza hacia 1850, esculpe lo imposible: un velo transl\u00facido\u2026 en m\u00e1rmol.\u2800\u00bfC\u00f3mo se talla la fragilidad en piedra? \u00bfC\u00f3mo se consigue que lo s\u00f3lido parezca et\u00e9reo?\u2800La dificultad t\u00e9cnica de esta obra es asombrosa: el artista logr\u00f3 simular la transparencia, la textura del pa\u00f1o, y la suavidad del rostro con una sola pieza de m\u00e1rmol blanco de Carrara. No hay ensamblajes. Solo talento, paciencia\u2026 y alma.\u2800Y sin embargo, m\u00e1s all\u00e1 de la proeza art\u00edstica, lo que conmueve es su silencio.\u2800El velo no es una barrera. Es una caricia.\u2800Esa imagen me recuerda algo esencial: muchas personas que admiramos por su fortaleza est\u00e1n envueltas en un velo invisible de luchas internas, p\u00e9rdidas y resiliencia.\u2800Y a\u00fan as\u00ed\u2026 siguen. Inspiran.\u2800Que esta obra de arte nos recuerde que lo m\u00e1s humano no siempre se ve, pero s\u00ed se siente.\u2800Que la Virgen Velada nos recuerde a todos que lo m\u00e1s humano\u2026 es lo m\u00e1s invisible.<\/p>\n","protected":false},"author":1,"featured_media":5364,"comment_status":"closed","ping_status":"open","sticky":false,"template":"","format":"standard","meta":{"footnotes":""},"categories":[1415],"tags":[],"class_list":["post-15046","post","type-post","status-publish","format-standard","has-post-thumbnail","hentry","category-sin-categoria-es"],"_links":{"self":[{"href":"https:\/\/www.palentino.es\/blog\/wp-json\/wp\/v2\/posts\/15046","targetHints":{"allow":["GET"]}}],"collection":[{"href":"https:\/\/www.palentino.es\/blog\/wp-json\/wp\/v2\/posts"}],"about":[{"href":"https:\/\/www.palentino.es\/blog\/wp-json\/wp\/v2\/types\/post"}],"author":[{"embeddable":true,"href":"https:\/\/www.palentino.es\/blog\/wp-json\/wp\/v2\/users\/1"}],"replies":[{"embeddable":true,"href":"https:\/\/www.palentino.es\/blog\/wp-json\/wp\/v2\/comments?post=15046"}],"version-history":[{"count":1,"href":"https:\/\/www.palentino.es\/blog\/wp-json\/wp\/v2\/posts\/15046\/revisions"}],"predecessor-version":[{"id":15048,"href":"https:\/\/www.palentino.es\/blog\/wp-json\/wp\/v2\/posts\/15046\/revisions\/15048"}],"wp:featuredmedia":[{"embeddable":true,"href":"https:\/\/www.palentino.es\/blog\/wp-json\/wp\/v2\/media\/5364"}],"wp:attachment":[{"href":"https:\/\/www.palentino.es\/blog\/wp-json\/wp\/v2\/media?parent=15046"}],"wp:term":[{"taxonomy":"category","embeddable":true,"href":"https:\/\/www.palentino.es\/blog\/wp-json\/wp\/v2\/categories?post=15046"},{"taxonomy":"post_tag","embeddable":true,"href":"https:\/\/www.palentino.es\/blog\/wp-json\/wp\/v2\/tags?post=15046"}],"curies":[{"name":"wp","href":"https:\/\/api.w.org\/{rel}","templated":true}]}}