{"id":15685,"date":"2026-01-24T15:58:45","date_gmt":"2026-01-24T14:58:45","guid":{"rendered":"https:\/\/www.palentino.es\/blog\/?p=15685"},"modified":"2026-01-24T16:25:48","modified_gmt":"2026-01-24T15:25:48","slug":"la-gran-belleza-de-saber-mirar","status":"publish","type":"post","link":"https:\/\/www.palentino.es\/blog\/la-gran-belleza-de-saber-mirar\/","title":{"rendered":"La gran belleza de saber mirar"},"content":{"rendered":"<p>A veces, en lugar de sentirte peque\u00f1o o incluso deprimido por no ser mejor, ocurre algo m\u00e1s honesto y liberador: <strong>te das cuenta de que deber\u00edas sentirte afortunado<\/strong>.<\/p>\n<p>Afortunado por estar rodeado de arte, de m\u00fasica, de cine, de talento y de personas con conocimiento. No por haber creado todo eso, sino por poder <strong>habitarlo<\/strong>. Por convivir con ideas, im\u00e1genes y melod\u00edas que otros imaginaron con verdad y que ahora te alcanzan.<\/p>\n<p>La belleza, muchas veces, no est\u00e1 en producir, sino en participar; en dejar que lo que otros hicieron te transforme en silencio.<\/p>\n<p>Pero su ausencia tambi\u00e9n existe, y es antagonista.<br \/>\nUn lugar sin arte, sin m\u00fasica, sin pensamiento, sin personas que te reten o te inspiren puede convertirse en un infierno cotidiano. No grita ni golpea de inmediato, pero desgasta.<\/p>\n<p>La falta de belleza estrecha el mundo, vuelve pesado el tiempo y seca la curiosidad. Ah\u00ed comprendes que la belleza no es un adorno ni un capricho: <strong>es alimento<\/strong>.<br \/>\nEs refugio.<br \/>\nEs una forma de supervivencia.<\/p>\n<p>Y entonces aparece <em>la gran belleza<\/em> \u2014como en la pel\u00edcula &#x1f609;\u2014: reconocer que hay gente m\u00e1s inteligente, m\u00e1s sensible o m\u00e1s creativa que t\u00fa\u2026 y <strong>agradecer estar cerca<\/strong>.<\/p>\n<p>Lejos de empeque\u00f1ecerte, te coloca en tu sitio. Te recuerda que escuchar es tan valioso como hablar, y que crecer casi siempre empieza con la humildad.<\/p>\n<p>En esa idea resonaba Pau Don\u00e9s cuando cantaba que <em>depende<\/em>, que todo es bonito. No porque todo sea f\u00e1cil o justo, sino porque todo puede ser mirado con conciencia y gratitud.<\/p>\n<p>Y, por encima de todo, est\u00e1 la belleza m\u00e1s pura: <strong>la inocencia de un ni\u00f1o<\/strong>.<br \/>\nPor ejemplo, cuando miro a mi hija: su risa sin c\u00e1lculo, su felicidad sin motivo aparente, su capacidad de asombro ante lo peque\u00f1o.<\/p>\n<p>Un ni\u00f1o no necesita grandes discursos para ser feliz; le basta un instante, una mirada, un juego. En su forma de estar en el mundo hay una lecci\u00f3n silenciosa: <strong>la belleza no siempre se entiende, a veces simplemente se vive<\/strong>.<\/p>\n<hr \/>\n<p>Al final, todo encaja.<br \/>\nVivir rodeado de belleza, de talento, de personas valiosas y de miradas limpias no es lo normal: <strong>es un privilegio<\/strong>.<\/p>\n<p>Y saber reconocerlo, en vez de lamentarse por no ser m\u00e1s, es quiz\u00e1 una de las formas m\u00e1s profundas de inteligencia\u2026<br \/>\ny de paz.<\/p>\n<p><a href=\"https:\/\/www.palentino.es\/blog\/wp-content\/uploads\/2026\/01\/La-gran-belleza-reflexion.gif\"><img loading=\"lazy\" decoding=\"async\" class=\"aligncenter size-full wp-image-15691\" src=\"https:\/\/www.palentino.es\/blog\/wp-content\/uploads\/2026\/01\/La-gran-belleza-reflexion.gif\" alt=\"\" width=\"1042\" height=\"696\" \/><\/a><\/p>\n","protected":false},"excerpt":{"rendered":"<p>A veces, en lugar de sentirte peque\u00f1o o incluso deprimido por no ser mejor, ocurre algo m\u00e1s honesto y liberador: te das cuenta de que deber\u00edas sentirte afortunado. Afortunado por estar rodeado de arte, de m\u00fasica, de cine, de talento y de personas con conocimiento. No por haber creado todo eso, sino por poder habitarlo. Por convivir con ideas, im\u00e1genes y melod\u00edas que otros imaginaron con verdad y que ahora te alcanzan. La belleza, muchas veces, no est\u00e1 en producir, sino en participar; en dejar que lo que otros hicieron te transforme en silencio. Pero su ausencia tambi\u00e9n existe, y es antagonista. Un lugar sin arte, sin m\u00fasica, sin pensamiento, sin personas que te reten o te inspiren puede convertirse en un infierno cotidiano. No grita ni golpea de inmediato, pero desgasta. La falta de belleza estrecha el mundo, vuelve pesado el tiempo y seca la curiosidad. Ah\u00ed comprendes que la belleza no es un adorno ni un capricho: es alimento. Es refugio. Es una forma de supervivencia. Y entonces aparece la gran belleza \u2014como en la pel\u00edcula &#x1f609;\u2014: reconocer que hay gente m\u00e1s inteligente, m\u00e1s sensible o m\u00e1s creativa que t\u00fa\u2026 y agradecer estar cerca. Lejos de empeque\u00f1ecerte, te coloca en tu sitio. Te recuerda que escuchar es tan valioso como hablar, y que crecer casi siempre empieza con la humildad. En esa idea resonaba Pau Don\u00e9s cuando cantaba que depende, que todo es bonito. No porque todo sea f\u00e1cil o justo, sino porque todo puede ser mirado con conciencia y gratitud. Y, por encima de todo, est\u00e1 la belleza m\u00e1s pura: la inocencia de un ni\u00f1o. Por ejemplo, cuando miro a mi hija: su risa sin c\u00e1lculo, su felicidad sin motivo aparente, su capacidad de asombro ante lo peque\u00f1o. Un ni\u00f1o no necesita grandes discursos para ser feliz;<\/p>\n<p><a href=\"https:\/\/www.palentino.es\/blog\/la-gran-belleza-de-saber-mirar\/\">(M\u00e1s)\u2026<\/a><\/p>\n","protected":false},"author":1,"featured_media":0,"comment_status":"closed","ping_status":"open","sticky":false,"template":"","format":"standard","meta":{"footnotes":""},"categories":[154],"tags":[],"class_list":["post-15685","post","type-post","status-publish","format-standard","hentry","category-reflexiones"],"_links":{"self":[{"href":"https:\/\/www.palentino.es\/blog\/wp-json\/wp\/v2\/posts\/15685","targetHints":{"allow":["GET"]}}],"collection":[{"href":"https:\/\/www.palentino.es\/blog\/wp-json\/wp\/v2\/posts"}],"about":[{"href":"https:\/\/www.palentino.es\/blog\/wp-json\/wp\/v2\/types\/post"}],"author":[{"embeddable":true,"href":"https:\/\/www.palentino.es\/blog\/wp-json\/wp\/v2\/users\/1"}],"replies":[{"embeddable":true,"href":"https:\/\/www.palentino.es\/blog\/wp-json\/wp\/v2\/comments?post=15685"}],"version-history":[{"count":5,"href":"https:\/\/www.palentino.es\/blog\/wp-json\/wp\/v2\/posts\/15685\/revisions"}],"predecessor-version":[{"id":15692,"href":"https:\/\/www.palentino.es\/blog\/wp-json\/wp\/v2\/posts\/15685\/revisions\/15692"}],"wp:attachment":[{"href":"https:\/\/www.palentino.es\/blog\/wp-json\/wp\/v2\/media?parent=15685"}],"wp:term":[{"taxonomy":"category","embeddable":true,"href":"https:\/\/www.palentino.es\/blog\/wp-json\/wp\/v2\/categories?post=15685"},{"taxonomy":"post_tag","embeddable":true,"href":"https:\/\/www.palentino.es\/blog\/wp-json\/wp\/v2\/tags?post=15685"}],"curies":[{"name":"wp","href":"https:\/\/api.w.org\/{rel}","templated":true}]}}