{"id":1953,"date":"2012-09-14T15:50:43","date_gmt":"2012-09-14T13:50:43","guid":{"rendered":"http:\/\/www.palentino.es\/blog\/?p=1953"},"modified":"2012-09-14T15:54:49","modified_gmt":"2012-09-14T13:54:49","slug":"microsoft-cambio-de-rumbo-del-norte-al-surface","status":"publish","type":"post","link":"https:\/\/www.palentino.es\/blog\/microsoft-cambio-de-rumbo-del-norte-al-surface\/","title":{"rendered":"Microsoft, cambio de rumbo, de la cara norte al Surface."},"content":{"rendered":"<p style=\"text-align: justify;\">Se ve\u00eda venir. Microsoft necesitaba un cambio de estrategia en la planificaci\u00f3n de sus productos. Los dispositivos m\u00f3viles y t\u00e1ctiles le estaban ganando la partida y sus soluciones en este \u00e1rea no terminaban de cuajar.<\/p>\n<p style=\"text-align: justify;\">Desde agosto de este a\u00f1o, los fabricantes de PC\u00b4s tienen en su poder el nuevo S.O. de Microsoft, <strong>Windows 8<\/strong>. Esto les permitir\u00e1 desarrollar controladores y probarlos en sus configuraciones. Gracias a esto, a finales de a\u00f1o, con la campa\u00f1a navide\u00f1a, intentar recuperar y rentabilizar la inversi\u00f3n realizada.<\/p>\n<p><!--more--><\/p>\n<p style=\"text-align: justify;\">Windows 8 posee una nueva interfaz t\u00e1ctil denominada <strong>Metro<\/strong>, puede trabajar sobre procesadores <strong>x86 y ARM<\/strong> , adem\u00e1s lleva integrado la nueva tienda de descarga de aplicaciones.<\/p>\n<p style=\"text-align: justify;\">Adem\u00e1s esta preparando su propio tablet, es decir, su propio hardware, <strong>Microsoft Surface<\/strong>, con el nuevo sistema Windows 8.<\/p>\n<p style=\"text-align: justify;\">Microsoft Surface contar\u00e1 con 2 versiones.<\/p>\n<p style=\"text-align: justify;\"><strong>Windows RT<\/strong> para dispositivos con procesadores ARM (se prev\u00e9 que sean los Tegra de Nvidia) y <strong>Windows 8 Pro<\/strong> para la familia x86 de Intel.<\/p>\n<p style=\"text-align: justify;\">Los tablet Surface RT ARM ser\u00e1n m\u00e1s ligeros y finos. Con configuraciones de memoria de 32 y 64 Gb, con ranunas micro-SD, USB y conector de v\u00eddeo micro-HD, 2 antenas MIMO, que se estima que proporcionen la mejor conectividad inal\u00e1mbrica del mercado.<\/p>\n<p style=\"text-align: justify;\">Para los tablet Surface Windows 8 Pro con Intel, dispondr\u00e1n de HD, mejor conectividad, micro SDXC, USB 3.0, Mini DisplayPort, configuraciones de 64 y 128 GB, l\u00e1piz t\u00e1ctil, y con una funda similar al concepto Ipad de Apple. Adem\u00e1s existen multitud de combinaciones de colores.<\/p>\n<p style=\"text-align: justify;\">Tendremos que esperar &#8230;<\/p>\n<p style=\"text-align: justify;\">\n","protected":false},"excerpt":{"rendered":"<p>Se ve\u00eda venir. Microsoft necesitaba un cambio de estrategia en la planificaci\u00f3n de sus productos. Los dispositivos m\u00f3viles y t\u00e1ctiles le estaban ganando la partida y sus soluciones en este \u00e1rea no terminaban de cuajar. Desde agosto de este a\u00f1o, los fabricantes de PC\u00b4s tienen en su poder el nuevo S.O. de Microsoft, Windows 8. Esto les permitir\u00e1 desarrollar controladores y probarlos en sus configuraciones. Gracias a esto, a finales de a\u00f1o, con la campa\u00f1a navide\u00f1a, intentar recuperar y rentabilizar la inversi\u00f3n realizada.<\/p>\n","protected":false},"author":1,"featured_media":1959,"comment_status":"open","ping_status":"open","sticky":false,"template":"","format":"standard","meta":{"footnotes":""},"categories":[8,209,7],"tags":[214,213,678],"class_list":["post-1953","post","type-post","status-publish","format-standard","has-post-thumbnail","hentry","category-hardware","category-sistemas","category-software","tag-metro","tag-surface","tag-windows-8"],"_links":{"self":[{"href":"https:\/\/www.palentino.es\/blog\/wp-json\/wp\/v2\/posts\/1953","targetHints":{"allow":["GET"]}}],"collection":[{"href":"https:\/\/www.palentino.es\/blog\/wp-json\/wp\/v2\/posts"}],"about":[{"href":"https:\/\/www.palentino.es\/blog\/wp-json\/wp\/v2\/types\/post"}],"author":[{"embeddable":true,"href":"https:\/\/www.palentino.es\/blog\/wp-json\/wp\/v2\/users\/1"}],"replies":[{"embeddable":true,"href":"https:\/\/www.palentino.es\/blog\/wp-json\/wp\/v2\/comments?post=1953"}],"version-history":[{"count":15,"href":"https:\/\/www.palentino.es\/blog\/wp-json\/wp\/v2\/posts\/1953\/revisions"}],"predecessor-version":[{"id":2019,"href":"https:\/\/www.palentino.es\/blog\/wp-json\/wp\/v2\/posts\/1953\/revisions\/2019"}],"wp:featuredmedia":[{"embeddable":true,"href":"https:\/\/www.palentino.es\/blog\/wp-json\/wp\/v2\/media\/1959"}],"wp:attachment":[{"href":"https:\/\/www.palentino.es\/blog\/wp-json\/wp\/v2\/media?parent=1953"}],"wp:term":[{"taxonomy":"category","embeddable":true,"href":"https:\/\/www.palentino.es\/blog\/wp-json\/wp\/v2\/categories?post=1953"},{"taxonomy":"post_tag","embeddable":true,"href":"https:\/\/www.palentino.es\/blog\/wp-json\/wp\/v2\/tags?post=1953"}],"curies":[{"name":"wp","href":"https:\/\/api.w.org\/{rel}","templated":true}]}}