{"id":6920,"date":"2014-06-19T16:07:13","date_gmt":"2014-06-19T14:07:13","guid":{"rendered":"http:\/\/www.palentino.es\/blog\/?p=6920"},"modified":"2014-06-19T16:23:13","modified_gmt":"2014-06-19T14:23:13","slug":"sobre-la-naturalidad","status":"publish","type":"post","link":"https:\/\/www.palentino.es\/blog\/sobre-la-naturalidad\/","title":{"rendered":"Sobre la naturalidad"},"content":{"rendered":"<p style=\"text-align: justify;\">No pretendo que sea una verdad universal, pero considero que con los a\u00f1os, muchos de nosotros vamos perdiendo aquella naturalidad que ten\u00edamos cuando \u00e9ramos m\u00e1s\u00a0peque\u00f1os, cuando ve\u00edamos el mundo de otra manera.<\/p>\n<p style=\"text-align: justify;\">Y francamente, cada vez soy m\u00e1s\u00a0consciente, \u00a0que siendo uno\u00a0mismo, \u00a0en todo momento, situaci\u00f3n y lugar, \u00a0con una predisposici\u00f3n positiva, \u00a0podremos afrontar cualquier tipo de problema y realidad.<\/p>\n<p style=\"text-align: justify;\">&#8220;Recuerda: S\u00e9 t\u00fa mismo&#8230;, en todo momento y lugar. Que no te importe lo que los dem\u00e1s piensen, sino lo que t\u00fa crees de t\u00ed&#8221;.<\/p>\n<p style=\"text-align: justify;\">Y por cierto, VIVA ESPA\u00d1A, y, \u00a0VIVA el\u00a0NUEVO REY.<\/p>\n<p style=\"text-align: justify;\">\n","protected":false},"excerpt":{"rendered":"<p>No pretendo que sea una verdad universal, pero considero que con los a\u00f1os, muchos de nosotros vamos perdiendo aquella naturalidad que ten\u00edamos cuando \u00e9ramos m\u00e1s\u00a0peque\u00f1os, cuando ve\u00edamos el mundo de otra manera. Y francamente, cada vez soy m\u00e1s\u00a0consciente, \u00a0que siendo uno\u00a0mismo, \u00a0en todo momento, situaci\u00f3n y lugar, \u00a0con una predisposici\u00f3n positiva, \u00a0podremos afrontar cualquier tipo de problema y realidad. &#8220;Recuerda: S\u00e9 t\u00fa mismo&#8230;, en todo momento y lugar. Que no te importe lo que los dem\u00e1s piensen, sino lo que t\u00fa crees de t\u00ed&#8221;. Y por cierto, VIVA ESPA\u00d1A, y, \u00a0VIVA el\u00a0NUEVO REY.<\/p>\n","protected":false},"author":1,"featured_media":3020,"comment_status":"open","ping_status":"open","sticky":false,"template":"","format":"standard","meta":{"footnotes":""},"categories":[154,14],"tags":[155],"class_list":["post-6920","post","type-post","status-publish","format-standard","has-post-thumbnail","hentry","category-reflexiones","category-varios","tag-reflexion"],"_links":{"self":[{"href":"https:\/\/www.palentino.es\/blog\/wp-json\/wp\/v2\/posts\/6920","targetHints":{"allow":["GET"]}}],"collection":[{"href":"https:\/\/www.palentino.es\/blog\/wp-json\/wp\/v2\/posts"}],"about":[{"href":"https:\/\/www.palentino.es\/blog\/wp-json\/wp\/v2\/types\/post"}],"author":[{"embeddable":true,"href":"https:\/\/www.palentino.es\/blog\/wp-json\/wp\/v2\/users\/1"}],"replies":[{"embeddable":true,"href":"https:\/\/www.palentino.es\/blog\/wp-json\/wp\/v2\/comments?post=6920"}],"version-history":[{"count":10,"href":"https:\/\/www.palentino.es\/blog\/wp-json\/wp\/v2\/posts\/6920\/revisions"}],"predecessor-version":[{"id":6930,"href":"https:\/\/www.palentino.es\/blog\/wp-json\/wp\/v2\/posts\/6920\/revisions\/6930"}],"wp:featuredmedia":[{"embeddable":true,"href":"https:\/\/www.palentino.es\/blog\/wp-json\/wp\/v2\/media\/3020"}],"wp:attachment":[{"href":"https:\/\/www.palentino.es\/blog\/wp-json\/wp\/v2\/media?parent=6920"}],"wp:term":[{"taxonomy":"category","embeddable":true,"href":"https:\/\/www.palentino.es\/blog\/wp-json\/wp\/v2\/categories?post=6920"},{"taxonomy":"post_tag","embeddable":true,"href":"https:\/\/www.palentino.es\/blog\/wp-json\/wp\/v2\/tags?post=6920"}],"curies":[{"name":"wp","href":"https:\/\/api.w.org\/{rel}","templated":true}]}}