{"id":7928,"date":"2015-04-28T20:03:25","date_gmt":"2015-04-28T18:03:25","guid":{"rendered":"http:\/\/www.palentino.es\/blog\/?p=7928"},"modified":"2015-04-28T20:30:14","modified_gmt":"2015-04-28T18:30:14","slug":"viii-noche-de-la-ingenieria-informatica","status":"publish","type":"post","link":"https:\/\/www.palentino.es\/blog\/viii-noche-de-la-ingenieria-informatica\/","title":{"rendered":"VIII Noche de la Ingenier\u00eda Inform\u00e1tica de Castilla y Le\u00f3n"},"content":{"rendered":"<p><img decoding=\"async\" src=\"https:\/\/www.cpiicyl.org\/system\/files\/u733\/fondo_cabeceraTwitter2.png\" alt=\"\" \/><\/p>\n<h2><\/h2>\n<p>Punto de encuentro para todos los actores implicados en la Ingenier\u00eda Inform\u00e1tica en la regi\u00f3n, creando as\u00ed un marco que fomenta la interactuaci\u00f3n entre profesionales, empresas e instituciones.<\/p>\n<p>\u00a1Ya puedes realizar tu inscripci\u00f3n!<\/p>\n<p><!--more--><\/p>\n<p>Este a\u00f1o la Noche de la Ingenier\u00eda Inform\u00e1tica de Castilla y Le\u00f3n vuelve de nuevo a\u00a0<strong>Valladolid\u00a0<\/strong>despu\u00e9s de haber iniciado su andadura en el a\u00f1o 2007 y de haber pasado por otras ciudades de Castilla y Le\u00f3n.<\/p>\n<p>El acto se celebrar\u00e1 el d\u00eda 15 de mayo en el\u00a0<a href=\"https:\/\/www.google.es\/maps\/place\/Museo+de+la+Ciencia+de+Valladolid\/@41.637441,-4.745864,17z\/data=!3m1!4b1!4m2!3m1!1s0xd476d3f162901cd:0xb09e2ab2b794076a\" target=\"_blank\"><strong>Mirador de Cristal del Museo de la Ciencia<\/strong><\/a>\u00a0, un lugar que en poco tiempo se ha convertido en otro de los emblemas de la ciudad de Valladolid.<\/p>\n<p>Durante la Gala se har\u00e1 entrega de los\u00a0Premios I3<\/p>\n<h3>\u00a1\u00a1 El 15 de mayo tienes una cita en Valladolid!!<\/h3>\n<p><a href=\"https:\/\/www.cpiicyl.org\/content\/inscripci%C3%B3n-en-la-viii-noche-de-la-ingenier%C3%AD-en-inform%C3%A1tica-de-castilla-y-le%C3%B3n\" target=\"_blank\"><img decoding=\"async\" src=\"https:\/\/www.cpiicyl.org\/system\/files\/u733\/Inscripciones.png\" alt=\"\" \/><\/a><\/p>\n<p>&nbsp;<\/p>\n<p>&nbsp;<\/p>\n<p>&nbsp;<\/p>\n","protected":false},"excerpt":{"rendered":"<p>Punto de encuentro para todos los actores implicados en la Ingenier\u00eda Inform\u00e1tica en la regi\u00f3n, creando as\u00ed un marco que fomenta la interactuaci\u00f3n entre profesionales, empresas e instituciones. \u00a1Ya puedes realizar tu inscripci\u00f3n!<\/p>\n","protected":false},"author":1,"featured_media":7497,"comment_status":"open","ping_status":"open","sticky":false,"template":"","format":"standard","meta":{"footnotes":""},"categories":[635,131,41,14,24],"tags":[42],"class_list":["post-7928","post","type-post","status-publish","format-standard","has-post-thumbnail","hentry","category-eventos","category-informatica","category-ingenieria-del-software","category-varios","category-web","tag-ingenieria"],"_links":{"self":[{"href":"https:\/\/www.palentino.es\/blog\/wp-json\/wp\/v2\/posts\/7928","targetHints":{"allow":["GET"]}}],"collection":[{"href":"https:\/\/www.palentino.es\/blog\/wp-json\/wp\/v2\/posts"}],"about":[{"href":"https:\/\/www.palentino.es\/blog\/wp-json\/wp\/v2\/types\/post"}],"author":[{"embeddable":true,"href":"https:\/\/www.palentino.es\/blog\/wp-json\/wp\/v2\/users\/1"}],"replies":[{"embeddable":true,"href":"https:\/\/www.palentino.es\/blog\/wp-json\/wp\/v2\/comments?post=7928"}],"version-history":[{"count":4,"href":"https:\/\/www.palentino.es\/blog\/wp-json\/wp\/v2\/posts\/7928\/revisions"}],"predecessor-version":[{"id":7933,"href":"https:\/\/www.palentino.es\/blog\/wp-json\/wp\/v2\/posts\/7928\/revisions\/7933"}],"wp:featuredmedia":[{"embeddable":true,"href":"https:\/\/www.palentino.es\/blog\/wp-json\/wp\/v2\/media\/7497"}],"wp:attachment":[{"href":"https:\/\/www.palentino.es\/blog\/wp-json\/wp\/v2\/media?parent=7928"}],"wp:term":[{"taxonomy":"category","embeddable":true,"href":"https:\/\/www.palentino.es\/blog\/wp-json\/wp\/v2\/categories?post=7928"},{"taxonomy":"post_tag","embeddable":true,"href":"https:\/\/www.palentino.es\/blog\/wp-json\/wp\/v2\/tags?post=7928"}],"curies":[{"name":"wp","href":"https:\/\/api.w.org\/{rel}","templated":true}]}}