{"id":8930,"date":"2016-05-18T12:12:55","date_gmt":"2016-05-18T10:12:55","guid":{"rendered":"http:\/\/www.palentino.es\/blog\/?p=8930"},"modified":"2016-05-18T12:21:45","modified_gmt":"2016-05-18T10:21:45","slug":"el-mejor-vino-rosado-ecologico-espanol","status":"publish","type":"post","link":"https:\/\/www.palentino.es\/blog\/el-mejor-vino-rosado-ecologico-espanol\/","title":{"rendered":"El mejor vino rosado ecologico espa\u00f1ol"},"content":{"rendered":"<p><img loading=\"lazy\" decoding=\"async\" class=\"x-img x-img-none left\" src=\"http:\/\/i1.wp.com\/www.lardemaia.com\/site\/wp-content\/uploads\/2015\/05\/agricultura_ecologica_3.png?w=846\" width=\"150\" height=\"119\" \/><\/p>\n<p>Excelente <strong>VINO ROSADO en Espa\u00f1a.<\/strong><\/p>\n<p><strong>Lar de Ma\u00eda<\/strong> nace en el 2010 con el deseo de iniciar un nuevo camino en el mundo del vino. <strong>Lar de Ma\u00eda<\/strong> es la uni\u00f3n de dos t\u00e9rminos. Por un lado \u201clar\u201d, sin\u00f3nimo de hogar, y por otro \u201cMa\u00eda\u201d, diosa de la primavera que da nombre al mes de mayo en el calendario romano. Para nosotras mayo es un mes referencial, ya que es cuando decidimos embotellar nuestra primera a\u00f1ada.<\/p>\n<p><a href=\"http:\/\/lardemaia.com\/site\/es\/\"><img loading=\"lazy\" decoding=\"async\" class=\"aligncenter size-full wp-image-8935\" src=\"http:\/\/www.palentino.es\/blog\/wp-content\/uploads\/2016\/05\/mejor-rosado-ecologico-espana-mar-de-laia.jpg\" alt=\"mejor-rosado-ecologico-espana-mar-de-laia\" width=\"150\" height=\"150\" \/><\/a><\/p>\n<p>Nuestra producci\u00f3n se basa en el modelo de \u201cvino de pago\u201d, por lo que hacemos cosechas limitadas y controladas. Adem\u00e1s, se trata de un vino elaborado con uvas de <strong>agricultura ecol\u00f3gica<\/strong>. Nuestro peque\u00f1o proyecto quiere mostrar que es posible hacer nuevos vinos de <strong>calidad<\/strong> aprovechando nuestra experiencia y nuestra dedicaci\u00f3n.<\/p>\n<p><a href=\"http:\/\/lardemaia.com\/site\/es\/\">Enlace web<\/a><\/p>\n<p><a href=\"http:\/\/lardemaia.com\/site\/es\/\">http:\/\/lardemaia.com\/site\/es\/<\/a><\/p>\n<p>&nbsp;<\/p>\n<p>&nbsp;<\/p>\n","protected":false},"excerpt":{"rendered":"<p>Excelente VINO ROSADO en Espa\u00f1a. Lar de Ma\u00eda nace en el 2010 con el deseo de iniciar un nuevo camino en el mundo del vino. Lar de Ma\u00eda es la uni\u00f3n de dos t\u00e9rminos. Por un lado \u201clar\u201d, sin\u00f3nimo de hogar, y por otro \u201cMa\u00eda\u201d, diosa de la primavera que da nombre al mes de mayo en el calendario romano. Para nosotras mayo es un mes referencial, ya que es cuando decidimos embotellar nuestra primera a\u00f1ada. Nuestra producci\u00f3n se basa en el modelo de \u201cvino de pago\u201d, por lo que hacemos cosechas limitadas y controladas. Adem\u00e1s, se trata de un vino elaborado con uvas de agricultura ecol\u00f3gica. Nuestro peque\u00f1o proyecto quiere mostrar que es posible hacer nuevos vinos de calidad aprovechando nuestra experiencia y nuestra dedicaci\u00f3n. Enlace web http:\/\/lardemaia.com\/site\/es\/ &nbsp; &nbsp;<\/p>\n","protected":false},"author":1,"featured_media":8935,"comment_status":"open","ping_status":"open","sticky":false,"template":"","format":"standard","meta":{"footnotes":""},"categories":[14],"tags":[2130,610],"class_list":["post-8930","post","type-post","status-publish","format-standard","has-post-thumbnail","hentry","category-varios","tag-ecologico","tag-vino"],"_links":{"self":[{"href":"https:\/\/www.palentino.es\/blog\/wp-json\/wp\/v2\/posts\/8930","targetHints":{"allow":["GET"]}}],"collection":[{"href":"https:\/\/www.palentino.es\/blog\/wp-json\/wp\/v2\/posts"}],"about":[{"href":"https:\/\/www.palentino.es\/blog\/wp-json\/wp\/v2\/types\/post"}],"author":[{"embeddable":true,"href":"https:\/\/www.palentino.es\/blog\/wp-json\/wp\/v2\/users\/1"}],"replies":[{"embeddable":true,"href":"https:\/\/www.palentino.es\/blog\/wp-json\/wp\/v2\/comments?post=8930"}],"version-history":[{"count":7,"href":"https:\/\/www.palentino.es\/blog\/wp-json\/wp\/v2\/posts\/8930\/revisions"}],"predecessor-version":[{"id":8938,"href":"https:\/\/www.palentino.es\/blog\/wp-json\/wp\/v2\/posts\/8930\/revisions\/8938"}],"wp:featuredmedia":[{"embeddable":true,"href":"https:\/\/www.palentino.es\/blog\/wp-json\/wp\/v2\/media\/8935"}],"wp:attachment":[{"href":"https:\/\/www.palentino.es\/blog\/wp-json\/wp\/v2\/media?parent=8930"}],"wp:term":[{"taxonomy":"category","embeddable":true,"href":"https:\/\/www.palentino.es\/blog\/wp-json\/wp\/v2\/categories?post=8930"},{"taxonomy":"post_tag","embeddable":true,"href":"https:\/\/www.palentino.es\/blog\/wp-json\/wp\/v2\/tags?post=8930"}],"curies":[{"name":"wp","href":"https:\/\/api.w.org\/{rel}","templated":true}]}}